{"id":2069,"date":"2025-05-17T09:16:40","date_gmt":"2025-05-17T09:16:40","guid":{"rendered":"https:\/\/markosj.net\/?p=2069"},"modified":"2025-05-17T20:26:10","modified_gmt":"2025-05-17T20:26:10","slug":"referendum-v-imenu-ideologije-niti-na-kraj-pameti","status":"publish","type":"post","link":"https:\/\/markosj.net\/index.php\/2025\/05\/17\/referendum-v-imenu-ideologije-niti-na-kraj-pameti\/","title":{"rendered":"Referendum v imenu ideologije? \u00bbNiti na kraj pameti\u00ab!"},"content":{"rendered":"\n<h3 class=\"wp-block-heading\">\u00bbNiti na kraj pameti\u00ab mi ni pri\u0161lo, da bi \u0161el na referendum o zakonu za dodatne pokojnine kulturnikom. Referendum v imenu ideologije in skrajne \u017eelje po oblasti? \u00bbNiti na kraj pameti\u00ab!<\/h3>\n\n\n\n<p>Pa ne samo zato, ker dvajset let spremljamo skrajno primitivno manipulacijo predlagatelja referenduma, ampak predvsem zato, ker mi na kraj pameti ni pri\u0161lo, da bi preu\u010dil zakon iz 1974. leta in \u0161e novi predlog zakona. Za to imamo poslance in to je njihovo delo. \u010ce tega niso sposobni (Kar je tudi mo\u017eno glede na to, kak\u0161en je na\u0161 politi\u010dni sistem in s kak\u0161nimi predznanji in predsodki nekateri postajajo poslanci), je drugo vpra\u0161anje. Odlo\u010ditev, ki bi jo oni sprejeli, bi jo sprejel tudi jaz.<\/p>\n\n\n\n<p>Zato SDS-ova skrajno spolitizirana in zmanipulirana kampanja namena pri meni ni dosegla. Nasprotno, \u0161e bolj se je utrdilo prepri\u010danje, da za vsem, kar dela SDS, stoji manipulacija. Manipulacija z dr\u017eavljani, z dr\u017eavo, z javnimi financami, z zgodovino, z zunanjo politiko, z dnevno politiko in volivci, ter zvestimi militanti. In tudi s svojimi lastnimi \u010dlani in poslanci, kar pu\u0161\u010da pregloboke, tudi psihi\u010dne posledice v lastni vrstah. Vse v imenu ideologije in skrajne \u017eelje po oblasti. Na\u010drtno, vztrajno in postopno, \u017ee trideset let, kljub temu, da za sabo pu\u0161\u010dajo psihi\u010dne in fizi\u010dne razvaline, \u00bbtrente\u00ab. Zelo podobno svin\u010denim 50. letom takoj po vojni, ko so ljudje kon\u010dali ozna\u010deni ali celo na Golem otoku \u017ee zaradi enega vica o Titu. A to je drugo vpra\u0161anje, vpra\u0161anje, ki zadeva skrajne ideologije in \u010dlove\u0161ko naravo, ki \u017ertvuje tudi lastne otroke za dosego ciljev. Tak\u0161ne skrajnosti nato pripeljejo do ukrajinske vojne, genocida v Palestini, resnih gro\u017eenj v Kitajskem morju, in teorij zarote vse povprek.<\/p>\n\n\n\n<h2 class=\"wp-block-heading\">Tajming<\/h2>\n\n\n\n<p>A tudi druga stran ni imela \u00bbna kraj pameti\u00ab, kaj je povzro\u010dila s predlogom zakona: TAJMING! \u017de na prvi pogled je \u010das, v katerem je predlog zakona spravljen v proceduro, zgre\u0161en. V politiki ne gre le za to, kaj je prav ali ne, pa\u010d pa gre za psihologijo mno\u017eic, za izgradnjo zaupanja med volivci in sledilci. V tem kontekstu zakon ni bil vlo\u017een v proceduro v pravem \u010dasu.<\/p>\n\n\n\n<p>Zelo pomembne zadeve bi morali pred tem razre\u0161iti, tak\u0161ne, ki imajo prioriteto pred vpra\u0161anjem pe\u0161\u010dice dodatnih pokojnin, ki jih dr\u017eavne finance ne bi niti \u010dutile. A pri tem je \u0161lo za popolnoma nekaj drugega. \u0160lo je za prioritete in izgradnjo zaupanja med volivci, ki bi na koncu, po vsej verjetnosti tudi z dobro voljo, sprejeli predlog o dodatnih pokojninah. A le po tem, ko se razre\u0161ijo druge prioritete. Mnogi nasprotniki referenduma imajo slab priokus ob dilemi, zakaj privilegirane pokojnine, ko imamo \u0161e toliko nujnih zadev.<\/p>\n\n\n\n<blockquote class=\"wp-block-quote is-layout-flow wp-block-quote-is-layout-flow\">\n<p> Za profesionalne politike ni skrivnost, da je v politiki zaupanje najpomembnej\u0161e. <\/p>\n<\/blockquote>\n\n\n\n<p>Tajming je pri izgradnji zaupanja zelo pomemben. To zahteva izku\u0161nje, znanje, potrpe\u017eljivost in veliko, veliko u\u010denja, branja, poslu\u0161anja in prepri\u010devanja. Za profesionalne politike ni skrivnost, da je v politiki zaupanje najpomembnej\u0161e. Pomembnej\u0161e je od tega ali je kaj prav ali ne. Zaupanje se gradi s pravilnim zaporedjem in strate\u0161ko (to SDS dela zelo dobro, a na \u017ealost za zgre\u0161ene namene). Strategije v slovenski politiki ni, ker se vedno pojavljajo novi obrazi, vedno novi amaterski politiki, ki pogosto ne zdr\u017eijo niti enega mandata. Ta cikli\u010dnost nas nato vodi v spiralo navzdol, posledica pa je nezadovoljstvo in radikalizacija volivcev, ki so hrana populistom in skrajne\u017eem. Ta cikel povzro\u010da vzpon skrajnih ideologij in na koncu kaos. Kaosu pa sledi avtokracija, pogosto \u0161e diktatura.<\/p>\n\n\n\n<h2 class=\"wp-block-heading\">Upokojenski kastni sistem<\/h2>\n\n\n\n<p>Da je \u010das za zakon mo\u010dno zgre\u0161en, pri\u010da tudi podatek, da je v Sloveniji tretjina od vseh upokojencev pod pragom rev\u0161\u010dine. V zadnjih letih se je upokojevalo po 57,5 odstotnem odmerku: \u0161e ve\u010d, ni\u010d za \u0161tudij, ni\u010d za slu\u017eenje voja\u0161kega roka, ni\u010d za vzgojo otrok. To niti ne bi bilo sporno, \u010de drugi upokojenci teh privilegijev ne bi imeli. Pa jih imajo. Zato govorimo o kastnem sistemu med upokojenci.<\/p>\n\n\n\n<p>\u0160e ve\u010d. Smo \u0161e vedno na prehodu iz nekdanjega socialisti\u010dnega sistema, ko se soo\u010damo \u0161e vedno s \u0161tevilnimi otro\u0161kimi boleznimi sistema, predvsem parlamentarne demokracije, slab\u0161anjem delavskih pravic in spremembami, ki jih globalni razvoj pu\u0161\u010da na delo in celoten proces proizvodnje. V tem sistemu je globalni fenomen ne le siva ekonomija in skrajno izkori\u0161\u010danje narave in dela, temve\u010d tudi sam nastanek prekarnih delavcev. Prekarni delavec je kot gobica v pomivalnem koritu, ki jo zavr\u017eemo po nekaj dnevih uporabe, zveri\u017eeno, potrgano, mastno \u2013 neuporabno in mrtvo.<\/p>\n\n\n\n<blockquote class=\"wp-block-quote is-layout-flow wp-block-quote-is-layout-flow\">\n<p>Prekarni delavec je kot gobica v pomivalnem koritu, ki jo zavr\u017eemo po nekaj dnevih uporabe, zveri\u017eeno, potrgano, mastno \u2013 neuporabno in mrtvo.<\/p>\n<\/blockquote>\n\n\n\n<p>Vse ka\u017ee, da ne zakonodajalec ne izvr\u0161na oblast (in tudi ne vsi delodajalci in \u0161e drugi), ne dojemata, da prekarci niso mogli vpla\u010devati dostojne pokojnine, ker se s prihodki ene prekarne pla\u010de dru\u017eine ne da pre\u017eiveti. In trenutno imamo 40 odstotkov delavcev v prekarnem odnosu. Kaj bo \u0161ele, ko se ta generacija pri\u010denja upokojevati?!<\/p>\n\n\n\n<p>Nato se pojavijo \u00bbcikli\u010dni\u00ab politiki, ki obdol\u017eujejo, da si nekateri \u017eelijo pokojnino na ra\u010dun nedela. Pozabljajo pa, da je razliko, ki bi morala v pokojninsko blagajno, na ra\u010dun nizke pla\u010de pobral delodajalec \u2013 izkori\u0161\u010devalec prekarnega dela. Ta isti delodajalec, ki mu je SDS pred leti zni\u017eala davek na dobi\u010dek, je isti delodajalec, ki pla\u010duje za pokojnino manj, kot pla\u010duje delavec iz svojega bruto; to je isti delodajalec, ki za isto delo prekarnim delavcem ali \u0161tudentom ne izpla\u010duje isto pla\u010do, ki jo pla\u010duje delavcem za nedolo\u010den \u010das. To je tudi isti delodajalec, ki na ra\u010dun prekarnih pla\u010d (s socialnim dampingom) zvi\u0161uje svojo konkuren\u010dnost, ki onesna\u017euje okolje in ki zlorablja naravne vire, ki zni\u017euje stro\u0161ke in odpu\u0161\u010da pred novim letom, da bi bilance bile bolj ugodne. To je isti delodajalec, ki preprodaja delavce, ustvarja su\u017enje z izkori\u0161\u010danjem sistem delovnih viz v cilju (krvavega) dobi\u010dka. To je isti delodajalec, ki \u017eivi na stro\u0161ke firme, ki dru\u017eino vodi na dopust na stro\u0161ke firme, ki mu firma pla\u010duje polo\u017enice &#8230; In takih ni malo.<\/p>\n\n\n\n<blockquote class=\"wp-block-quote is-layout-flow wp-block-quote-is-layout-flow\">\n<p>Imamo kastni sistem, po katerem se upokojenci delijo po tem koliko pravic si je nekdo pridobil.<\/p>\n<\/blockquote>\n\n\n\n<p>Zatorej, \u010de bi bili upokojenci obravnavani enako, ne bi bilo sporno, da bi tudi pe\u0161\u010dica kulturnih delavcev dobila dodatno pokojnino. A imamo kastni sistem, po katerem se upokojenci delijo po tem koliko pravic si je nekdo pridobil.<\/p>\n\n\n\n<p>Tajming je razlog zakaj je referendum za vlado neuspeh. In zato lahko SDS trdi, da je z referendumom dosegla velikansko zmago. In se strinjamo.<\/p>\n\n\n\n<p><\/p>\n","protected":false},"excerpt":{"rendered":"<p>\u00bbNiti na kraj pameti\u00ab mi ni pri\u0161lo, da bi \u0161el na referendum o zakonu za dodatne pokojnine kulturnikom.<\/p>\n","protected":false},"author":1,"featured_media":2071,"comment_status":"closed","ping_status":"open","sticky":false,"template":"","format":"standard","meta":{"footnotes":""},"categories":[9],"tags":[],"class_list":["post-2069","post","type-post","status-publish","format-standard","has-post-thumbnail","hentry","category-stories"],"yoast_head":"<!-- This site is optimized with the Yoast SEO plugin v27.5 - https:\/\/yoast.com\/product\/yoast-seo-wordpress\/ -->\n<title>Referendum v imenu ideologije? \u00bbNiti na kraj pameti\u00ab! - Marko Sjeklo\u010da - spletna stran<\/title>\n<meta name=\"description\" content=\"Refernedum o dodatnih pokojninah, kastni sistem med upokojenci, sistem prekarnosti so simptomi krize v slovenski politiki.\" \/>\n<meta name=\"robots\" content=\"index, follow, max-snippet:-1, max-image-preview:large, max-video-preview:-1\" \/>\n<link rel=\"canonical\" href=\"https:\/\/markosj.net\/index.php\/2025\/05\/17\/referendum-v-imenu-ideologije-niti-na-kraj-pameti\/\" \/>\n<meta property=\"og:locale\" content=\"en_GB\" \/>\n<meta property=\"og:type\" content=\"article\" \/>\n<meta property=\"og:title\" content=\"Referendum v imenu ideologije? \u00bbNiti na kraj pameti\u00ab! - Marko Sjeklo\u010da - spletna stran\" \/>\n<meta property=\"og:description\" content=\"Refernedum o dodatnih pokojninah, kastni sistem med upokojenci, sistem prekarnosti so simptomi krize v slovenski politiki.\" \/>\n<meta property=\"og:url\" content=\"https:\/\/markosj.net\/index.php\/2025\/05\/17\/referendum-v-imenu-ideologije-niti-na-kraj-pameti\/\" \/>\n<meta property=\"og:site_name\" content=\"Marko Sjeklo\u010da - spletna stran\" \/>\n<meta property=\"article:author\" content=\"https:\/\/www.facebook.com\/marko.sjekloca.338\" \/>\n<meta property=\"article:published_time\" content=\"2025-05-17T09:16:40+00:00\" \/>\n<meta property=\"article:modified_time\" content=\"2025-05-17T20:26:10+00:00\" \/>\n<meta property=\"og:image\" content=\"https:\/\/markosj.net\/wp-content\/uploads\/2025\/05\/Srednjeveske-igre.jpg\" \/>\n\t<meta property=\"og:image:width\" content=\"1600\" \/>\n\t<meta property=\"og:image:height\" content=\"1200\" \/>\n\t<meta property=\"og:image:type\" content=\"image\/jpeg\" \/>\n<meta name=\"author\" content=\"Marko Sjeklo\u010da\" \/>\n<meta name=\"twitter:card\" content=\"summary_large_image\" \/>\n<meta name=\"twitter:label1\" content=\"Written by\" \/>\n\t<meta name=\"twitter:data1\" content=\"Marko Sjeklo\u010da\" \/>\n\t<meta name=\"twitter:label2\" content=\"Estimated reading time\" \/>\n\t<meta name=\"twitter:data2\" content=\"6 minutes\" \/>\n<script type=\"application\/ld+json\" class=\"yoast-schema-graph\">{\"@context\":\"https:\\\/\\\/schema.org\",\"@graph\":[{\"@type\":\"Article\",\"@id\":\"https:\\\/\\\/markosj.net\\\/index.php\\\/2025\\\/05\\\/17\\\/referendum-v-imenu-ideologije-niti-na-kraj-pameti\\\/#article\",\"isPartOf\":{\"@id\":\"https:\\\/\\\/markosj.net\\\/index.php\\\/2025\\\/05\\\/17\\\/referendum-v-imenu-ideologije-niti-na-kraj-pameti\\\/\"},\"author\":{\"name\":\"Marko Sjeklo\u010da\",\"@id\":\"https:\\\/\\\/markosj.net\\\/#\\\/schema\\\/person\\\/a5dec6616056de4d0558f53801e3200b\"},\"headline\":\"Referendum v imenu ideologije? \u00bbNiti na kraj pameti\u00ab!\",\"datePublished\":\"2025-05-17T09:16:40+00:00\",\"dateModified\":\"2025-05-17T20:26:10+00:00\",\"mainEntityOfPage\":{\"@id\":\"https:\\\/\\\/markosj.net\\\/index.php\\\/2025\\\/05\\\/17\\\/referendum-v-imenu-ideologije-niti-na-kraj-pameti\\\/\"},\"wordCount\":1137,\"image\":{\"@id\":\"https:\\\/\\\/markosj.net\\\/index.php\\\/2025\\\/05\\\/17\\\/referendum-v-imenu-ideologije-niti-na-kraj-pameti\\\/#primaryimage\"},\"thumbnailUrl\":\"https:\\\/\\\/markosj.net\\\/wp-content\\\/uploads\\\/2025\\\/05\\\/Srednjeveske-igre.jpg\",\"articleSection\":[\"Slovenija\"],\"inLanguage\":\"en-GB\"},{\"@type\":\"WebPage\",\"@id\":\"https:\\\/\\\/markosj.net\\\/index.php\\\/2025\\\/05\\\/17\\\/referendum-v-imenu-ideologije-niti-na-kraj-pameti\\\/\",\"url\":\"https:\\\/\\\/markosj.net\\\/index.php\\\/2025\\\/05\\\/17\\\/referendum-v-imenu-ideologije-niti-na-kraj-pameti\\\/\",\"name\":\"Referendum v imenu ideologije? \u00bbNiti na kraj pameti\u00ab! - Marko Sjeklo\u010da - spletna stran\",\"isPartOf\":{\"@id\":\"https:\\\/\\\/markosj.net\\\/#website\"},\"primaryImageOfPage\":{\"@id\":\"https:\\\/\\\/markosj.net\\\/index.php\\\/2025\\\/05\\\/17\\\/referendum-v-imenu-ideologije-niti-na-kraj-pameti\\\/#primaryimage\"},\"image\":{\"@id\":\"https:\\\/\\\/markosj.net\\\/index.php\\\/2025\\\/05\\\/17\\\/referendum-v-imenu-ideologije-niti-na-kraj-pameti\\\/#primaryimage\"},\"thumbnailUrl\":\"https:\\\/\\\/markosj.net\\\/wp-content\\\/uploads\\\/2025\\\/05\\\/Srednjeveske-igre.jpg\",\"datePublished\":\"2025-05-17T09:16:40+00:00\",\"dateModified\":\"2025-05-17T20:26:10+00:00\",\"author\":{\"@id\":\"https:\\\/\\\/markosj.net\\\/#\\\/schema\\\/person\\\/a5dec6616056de4d0558f53801e3200b\"},\"description\":\"Refernedum o dodatnih pokojninah, kastni sistem med upokojenci, sistem prekarnosti so simptomi krize v slovenski politiki.\",\"breadcrumb\":{\"@id\":\"https:\\\/\\\/markosj.net\\\/index.php\\\/2025\\\/05\\\/17\\\/referendum-v-imenu-ideologije-niti-na-kraj-pameti\\\/#breadcrumb\"},\"inLanguage\":\"en-GB\",\"potentialAction\":[{\"@type\":\"ReadAction\",\"target\":[\"https:\\\/\\\/markosj.net\\\/index.php\\\/2025\\\/05\\\/17\\\/referendum-v-imenu-ideologije-niti-na-kraj-pameti\\\/\"]}]},{\"@type\":\"ImageObject\",\"inLanguage\":\"en-GB\",\"@id\":\"https:\\\/\\\/markosj.net\\\/index.php\\\/2025\\\/05\\\/17\\\/referendum-v-imenu-ideologije-niti-na-kraj-pameti\\\/#primaryimage\",\"url\":\"https:\\\/\\\/markosj.net\\\/wp-content\\\/uploads\\\/2025\\\/05\\\/Srednjeveske-igre.jpg\",\"contentUrl\":\"https:\\\/\\\/markosj.net\\\/wp-content\\\/uploads\\\/2025\\\/05\\\/Srednjeveske-igre.jpg\",\"width\":1600,\"height\":1200,\"caption\":\"Privilegiji so bili neko\u010d in so \u0161e danes temelj dru\u017ebene ureditve.\"},{\"@type\":\"BreadcrumbList\",\"@id\":\"https:\\\/\\\/markosj.net\\\/index.php\\\/2025\\\/05\\\/17\\\/referendum-v-imenu-ideologije-niti-na-kraj-pameti\\\/#breadcrumb\",\"itemListElement\":[{\"@type\":\"ListItem\",\"position\":1,\"name\":\"Home\",\"item\":\"https:\\\/\\\/markosj.net\\\/\"},{\"@type\":\"ListItem\",\"position\":2,\"name\":\"Referendum v imenu ideologije? \u00bbNiti na kraj pameti\u00ab!\"}]},{\"@type\":\"WebSite\",\"@id\":\"https:\\\/\\\/markosj.net\\\/#website\",\"url\":\"https:\\\/\\\/markosj.net\\\/\",\"name\":\"Marko Sjeklo\u010da - spletna stran\",\"description\":\"\",\"potentialAction\":[{\"@type\":\"SearchAction\",\"target\":{\"@type\":\"EntryPoint\",\"urlTemplate\":\"https:\\\/\\\/markosj.net\\\/?s={search_term_string}\"},\"query-input\":{\"@type\":\"PropertyValueSpecification\",\"valueRequired\":true,\"valueName\":\"search_term_string\"}}],\"inLanguage\":\"en-GB\"},{\"@type\":\"Person\",\"@id\":\"https:\\\/\\\/markosj.net\\\/#\\\/schema\\\/person\\\/a5dec6616056de4d0558f53801e3200b\",\"name\":\"Marko Sjeklo\u010da\",\"image\":{\"@type\":\"ImageObject\",\"inLanguage\":\"en-GB\",\"@id\":\"https:\\\/\\\/secure.gravatar.com\\\/avatar\\\/006a34be3b8f9d4205073c6c293998ade5e4d228116afe75b10d552bd4fd5505?s=96&d=mm&r=g\",\"url\":\"https:\\\/\\\/secure.gravatar.com\\\/avatar\\\/006a34be3b8f9d4205073c6c293998ade5e4d228116afe75b10d552bd4fd5505?s=96&d=mm&r=g\",\"contentUrl\":\"https:\\\/\\\/secure.gravatar.com\\\/avatar\\\/006a34be3b8f9d4205073c6c293998ade5e4d228116afe75b10d552bd4fd5505?s=96&d=mm&r=g\",\"caption\":\"Marko Sjeklo\u010da\"},\"description\":\"Marko Sjeklo\u010da, diplomirani politolog mednarodne usmeritve ter strokovnjak za mednarodno trgovino in razvoj ter de\u017eele tretjega sveta. Rojen Celjan, nekdanji atlet v celjskem Kladivarju in beograjski Crveni zvezdi, diplomiral leta 1979 na tedanji Fakulteti za politi\u010dne vede, sociologijo in novinarstvo v Ljubljani, v Beogradu kon\u010dal podiplomski \u0161tudij iz mednarodne ekonomije. Kod karierni diplomat je nato slu\u017eboval v Zveznem sekretariatu za zunanje zadeve v Beogradu, razpad Jugoslavije pa do\u010dakal v jugoslovanskem veleposlani\u0161tvu v Buenos Airesu. Nato je bil dopisnik iz Latinske Amerike za ve\u010d \u010dasopisov in revij iz Slovenije, Italije in \u010crne gore. Izku\u0161nje iz dolgoletnega bivanja v Argentini so pripomogle k nastanku prve integralne \u0161tudije o izseljevanju Slovencev v Argentino v slovenskem prostoru, z naslovom \u010cez morje v pozabo. Knjiga je politolo\u0161ko, sociolo\u0161ko, ekonomska \u0161tudija zapletenih procesov emigracije. Poleg predstavitve knjige, pri\u010dujo\u010da stranica vsebuje izbor pomembnej\u0161ih analiz, \u010dlankov in komentarjev, ki so nastajali od 90. let preteklega stoletja naprej, o tematiki emigracije, mednarodne ekonomije in financ ter aktualnih dogajanj v Sloveniji, na Balkanu in \u0161ir\u0161e.\",\"sameAs\":[\"https:\\\/\\\/markosj.net\",\"https:\\\/\\\/www.facebook.com\\\/marko.sjekloca.338\"],\"url\":\"https:\\\/\\\/markosj.net\\\/index.php\\\/author\\\/admin_jcld28d0\\\/\"}]}<\/script>\n<!-- \/ Yoast SEO plugin. -->","yoast_head_json":{"title":"Referendum v imenu ideologije? \u00bbNiti na kraj pameti\u00ab! - Marko Sjeklo\u010da - spletna stran","description":"Refernedum o dodatnih pokojninah, kastni sistem med upokojenci, sistem prekarnosti so simptomi krize v slovenski politiki.","robots":{"index":"index","follow":"follow","max-snippet":"max-snippet:-1","max-image-preview":"max-image-preview:large","max-video-preview":"max-video-preview:-1"},"canonical":"https:\/\/markosj.net\/index.php\/2025\/05\/17\/referendum-v-imenu-ideologije-niti-na-kraj-pameti\/","og_locale":"en_GB","og_type":"article","og_title":"Referendum v imenu ideologije? \u00bbNiti na kraj pameti\u00ab! - Marko Sjeklo\u010da - spletna stran","og_description":"Refernedum o dodatnih pokojninah, kastni sistem med upokojenci, sistem prekarnosti so simptomi krize v slovenski politiki.","og_url":"https:\/\/markosj.net\/index.php\/2025\/05\/17\/referendum-v-imenu-ideologije-niti-na-kraj-pameti\/","og_site_name":"Marko Sjeklo\u010da - spletna stran","article_author":"https:\/\/www.facebook.com\/marko.sjekloca.338","article_published_time":"2025-05-17T09:16:40+00:00","article_modified_time":"2025-05-17T20:26:10+00:00","og_image":[{"width":1600,"height":1200,"url":"https:\/\/markosj.net\/wp-content\/uploads\/2025\/05\/Srednjeveske-igre.jpg","type":"image\/jpeg"}],"author":"Marko Sjeklo\u010da","twitter_card":"summary_large_image","twitter_misc":{"Written by":"Marko Sjeklo\u010da","Estimated reading time":"6 minutes"},"schema":{"@context":"https:\/\/schema.org","@graph":[{"@type":"Article","@id":"https:\/\/markosj.net\/index.php\/2025\/05\/17\/referendum-v-imenu-ideologije-niti-na-kraj-pameti\/#article","isPartOf":{"@id":"https:\/\/markosj.net\/index.php\/2025\/05\/17\/referendum-v-imenu-ideologije-niti-na-kraj-pameti\/"},"author":{"name":"Marko Sjeklo\u010da","@id":"https:\/\/markosj.net\/#\/schema\/person\/a5dec6616056de4d0558f53801e3200b"},"headline":"Referendum v imenu ideologije? \u00bbNiti na kraj pameti\u00ab!","datePublished":"2025-05-17T09:16:40+00:00","dateModified":"2025-05-17T20:26:10+00:00","mainEntityOfPage":{"@id":"https:\/\/markosj.net\/index.php\/2025\/05\/17\/referendum-v-imenu-ideologije-niti-na-kraj-pameti\/"},"wordCount":1137,"image":{"@id":"https:\/\/markosj.net\/index.php\/2025\/05\/17\/referendum-v-imenu-ideologije-niti-na-kraj-pameti\/#primaryimage"},"thumbnailUrl":"https:\/\/markosj.net\/wp-content\/uploads\/2025\/05\/Srednjeveske-igre.jpg","articleSection":["Slovenija"],"inLanguage":"en-GB"},{"@type":"WebPage","@id":"https:\/\/markosj.net\/index.php\/2025\/05\/17\/referendum-v-imenu-ideologije-niti-na-kraj-pameti\/","url":"https:\/\/markosj.net\/index.php\/2025\/05\/17\/referendum-v-imenu-ideologije-niti-na-kraj-pameti\/","name":"Referendum v imenu ideologije? \u00bbNiti na kraj pameti\u00ab! - Marko Sjeklo\u010da - spletna stran","isPartOf":{"@id":"https:\/\/markosj.net\/#website"},"primaryImageOfPage":{"@id":"https:\/\/markosj.net\/index.php\/2025\/05\/17\/referendum-v-imenu-ideologije-niti-na-kraj-pameti\/#primaryimage"},"image":{"@id":"https:\/\/markosj.net\/index.php\/2025\/05\/17\/referendum-v-imenu-ideologije-niti-na-kraj-pameti\/#primaryimage"},"thumbnailUrl":"https:\/\/markosj.net\/wp-content\/uploads\/2025\/05\/Srednjeveske-igre.jpg","datePublished":"2025-05-17T09:16:40+00:00","dateModified":"2025-05-17T20:26:10+00:00","author":{"@id":"https:\/\/markosj.net\/#\/schema\/person\/a5dec6616056de4d0558f53801e3200b"},"description":"Refernedum o dodatnih pokojninah, kastni sistem med upokojenci, sistem prekarnosti so simptomi krize v slovenski politiki.","breadcrumb":{"@id":"https:\/\/markosj.net\/index.php\/2025\/05\/17\/referendum-v-imenu-ideologije-niti-na-kraj-pameti\/#breadcrumb"},"inLanguage":"en-GB","potentialAction":[{"@type":"ReadAction","target":["https:\/\/markosj.net\/index.php\/2025\/05\/17\/referendum-v-imenu-ideologije-niti-na-kraj-pameti\/"]}]},{"@type":"ImageObject","inLanguage":"en-GB","@id":"https:\/\/markosj.net\/index.php\/2025\/05\/17\/referendum-v-imenu-ideologije-niti-na-kraj-pameti\/#primaryimage","url":"https:\/\/markosj.net\/wp-content\/uploads\/2025\/05\/Srednjeveske-igre.jpg","contentUrl":"https:\/\/markosj.net\/wp-content\/uploads\/2025\/05\/Srednjeveske-igre.jpg","width":1600,"height":1200,"caption":"Privilegiji so bili neko\u010d in so \u0161e danes temelj dru\u017ebene ureditve."},{"@type":"BreadcrumbList","@id":"https:\/\/markosj.net\/index.php\/2025\/05\/17\/referendum-v-imenu-ideologije-niti-na-kraj-pameti\/#breadcrumb","itemListElement":[{"@type":"ListItem","position":1,"name":"Home","item":"https:\/\/markosj.net\/"},{"@type":"ListItem","position":2,"name":"Referendum v imenu ideologije? \u00bbNiti na kraj pameti\u00ab!"}]},{"@type":"WebSite","@id":"https:\/\/markosj.net\/#website","url":"https:\/\/markosj.net\/","name":"Marko Sjeklo\u010da - spletna stran","description":"","potentialAction":[{"@type":"SearchAction","target":{"@type":"EntryPoint","urlTemplate":"https:\/\/markosj.net\/?s={search_term_string}"},"query-input":{"@type":"PropertyValueSpecification","valueRequired":true,"valueName":"search_term_string"}}],"inLanguage":"en-GB"},{"@type":"Person","@id":"https:\/\/markosj.net\/#\/schema\/person\/a5dec6616056de4d0558f53801e3200b","name":"Marko Sjeklo\u010da","image":{"@type":"ImageObject","inLanguage":"en-GB","@id":"https:\/\/secure.gravatar.com\/avatar\/006a34be3b8f9d4205073c6c293998ade5e4d228116afe75b10d552bd4fd5505?s=96&d=mm&r=g","url":"https:\/\/secure.gravatar.com\/avatar\/006a34be3b8f9d4205073c6c293998ade5e4d228116afe75b10d552bd4fd5505?s=96&d=mm&r=g","contentUrl":"https:\/\/secure.gravatar.com\/avatar\/006a34be3b8f9d4205073c6c293998ade5e4d228116afe75b10d552bd4fd5505?s=96&d=mm&r=g","caption":"Marko Sjeklo\u010da"},"description":"Marko Sjeklo\u010da, diplomirani politolog mednarodne usmeritve ter strokovnjak za mednarodno trgovino in razvoj ter de\u017eele tretjega sveta. Rojen Celjan, nekdanji atlet v celjskem Kladivarju in beograjski Crveni zvezdi, diplomiral leta 1979 na tedanji Fakulteti za politi\u010dne vede, sociologijo in novinarstvo v Ljubljani, v Beogradu kon\u010dal podiplomski \u0161tudij iz mednarodne ekonomije. Kod karierni diplomat je nato slu\u017eboval v Zveznem sekretariatu za zunanje zadeve v Beogradu, razpad Jugoslavije pa do\u010dakal v jugoslovanskem veleposlani\u0161tvu v Buenos Airesu. Nato je bil dopisnik iz Latinske Amerike za ve\u010d \u010dasopisov in revij iz Slovenije, Italije in \u010crne gore. Izku\u0161nje iz dolgoletnega bivanja v Argentini so pripomogle k nastanku prve integralne \u0161tudije o izseljevanju Slovencev v Argentino v slovenskem prostoru, z naslovom \u010cez morje v pozabo. Knjiga je politolo\u0161ko, sociolo\u0161ko, ekonomska \u0161tudija zapletenih procesov emigracije. Poleg predstavitve knjige, pri\u010dujo\u010da stranica vsebuje izbor pomembnej\u0161ih analiz, \u010dlankov in komentarjev, ki so nastajali od 90. let preteklega stoletja naprej, o tematiki emigracije, mednarodne ekonomije in financ ter aktualnih dogajanj v Sloveniji, na Balkanu in \u0161ir\u0161e.","sameAs":["https:\/\/markosj.net","https:\/\/www.facebook.com\/marko.sjekloca.338"],"url":"https:\/\/markosj.net\/index.php\/author\/admin_jcld28d0\/"}]}},"featured_image_urls":{"full":["https:\/\/markosj.net\/wp-content\/uploads\/2025\/05\/Srednjeveske-igre.jpg",1600,1200,false],"thumbnail":["https:\/\/markosj.net\/wp-content\/uploads\/2025\/05\/Srednjeveske-igre-150x150.jpg",150,150,true],"medium":["https:\/\/markosj.net\/wp-content\/uploads\/2025\/05\/Srednjeveske-igre-300x225.jpg",300,225,true],"medium_large":["https:\/\/markosj.net\/wp-content\/uploads\/2025\/05\/Srednjeveske-igre-768x576.jpg",640,480,true],"large":["https:\/\/markosj.net\/wp-content\/uploads\/2025\/05\/Srednjeveske-igre-1024x768.jpg",640,480,true],"1536x1536":["https:\/\/markosj.net\/wp-content\/uploads\/2025\/05\/Srednjeveske-igre-1536x1152.jpg",1536,1152,true],"2048x2048":["https:\/\/markosj.net\/wp-content\/uploads\/2025\/05\/Srednjeveske-igre.jpg",1600,1200,false],"morenews-featured":["https:\/\/markosj.net\/wp-content\/uploads\/2025\/05\/Srednjeveske-igre-1024x768.jpg",1024,768,true],"morenews-large":["https:\/\/markosj.net\/wp-content\/uploads\/2025\/05\/Srednjeveske-igre-825x575.jpg",825,575,true],"morenews-medium":["https:\/\/markosj.net\/wp-content\/uploads\/2025\/05\/Srednjeveske-igre-590x410.jpg",590,410,true]},"author_info":{"info":["Marko Sjeklo\u010da"]},"category_info":"<a href=\"https:\/\/markosj.net\/index.php\/category\/stories\/\" rel=\"category tag\">Slovenija<\/a>","tag_info":"Slovenija","comment_count":"0","_links":{"self":[{"href":"https:\/\/markosj.net\/index.php\/wp-json\/wp\/v2\/posts\/2069","targetHints":{"allow":["GET"]}}],"collection":[{"href":"https:\/\/markosj.net\/index.php\/wp-json\/wp\/v2\/posts"}],"about":[{"href":"https:\/\/markosj.net\/index.php\/wp-json\/wp\/v2\/types\/post"}],"author":[{"embeddable":true,"href":"https:\/\/markosj.net\/index.php\/wp-json\/wp\/v2\/users\/1"}],"replies":[{"embeddable":true,"href":"https:\/\/markosj.net\/index.php\/wp-json\/wp\/v2\/comments?post=2069"}],"version-history":[{"count":23,"href":"https:\/\/markosj.net\/index.php\/wp-json\/wp\/v2\/posts\/2069\/revisions"}],"predecessor-version":[{"id":2124,"href":"https:\/\/markosj.net\/index.php\/wp-json\/wp\/v2\/posts\/2069\/revisions\/2124"}],"wp:featuredmedia":[{"embeddable":true,"href":"https:\/\/markosj.net\/index.php\/wp-json\/wp\/v2\/media\/2071"}],"wp:attachment":[{"href":"https:\/\/markosj.net\/index.php\/wp-json\/wp\/v2\/media?parent=2069"}],"wp:term":[{"taxonomy":"category","embeddable":true,"href":"https:\/\/markosj.net\/index.php\/wp-json\/wp\/v2\/categories?post=2069"},{"taxonomy":"post_tag","embeddable":true,"href":"https:\/\/markosj.net\/index.php\/wp-json\/wp\/v2\/tags?post=2069"}],"curies":[{"name":"wp","href":"https:\/\/api.w.org\/{rel}","templated":true}]}}